{"id":870,"date":"2026-08-24T19:05:47","date_gmt":"2026-08-24T09:05:47","guid":{"rendered":"https:\/\/solicitudesta.es\/noticias\/?p=870"},"modified":"2026-08-21T13:19:39","modified_gmt":"2026-08-21T03:19:39","slug":"prohibicion-estricta-del-uso-de-telefonos-moviles-en-clase","status":"publish","type":"post","link":"https:\/\/solicitudesta.es\/noticias\/prohibicion-estricta-del-uso-de-telefonos-moviles-en-clase\/","title":{"rendered":"Prohibici\u00f3n estricta del uso de tel\u00e9fonos m\u00f3viles en clase"},"content":{"rendered":"<p>El uso de tel\u00e9fonos m\u00f3viles y dispositivos inteligentes por parte de los estudiantes durante las clases estar\u00e1 completamente prohibido en las escuelas p\u00fablicas de Maryland.<\/p>\n<p>Seg\u00fan el Departamento de Educaci\u00f3n de Maryland, las escuelas p\u00fablicas de todo el estado deben restringir el uso de tel\u00e9fonos m\u00f3viles y computadoras port\u00e1tiles durante el horario escolar, de acuerdo con la Ley de Escuelas Libres de Tel\u00e9fonos, aprobada por la legislatura estatal. En consecuencia, las juntas escolares locales est\u00e1n revisando sus propias medidas de control, como exigir a los estudiantes que guarden sus tel\u00e9fonos en bolsas especiales con cerradura o en sus casilleros personales.<\/p>\n<p>La ley entrar\u00e1 en vigor en todo el estado a partir del a\u00f1o escolar 2027-2028. La superintendente estatal, Carrie Wright, declar\u00f3: \u00abTambi\u00e9n estamos considerando implementar una pol\u00edtica de prohibici\u00f3n total del uso de tel\u00e9fonos, desde la llegada hasta la salida, no solo durante las clases\u00bb, y agreg\u00f3 que esto \u00abcrear\u00e1 un ambiente donde los estudiantes puedan concentrarse en sus estudios\u00bb. Esta medida busca reducir las distracciones causadas por el uso de tel\u00e9fonos m\u00f3viles en la escuela y mejorar la concentraci\u00f3n de los estudiantes durante las clases. Adem\u00e1s, se prev\u00e9 que se revise el uso de otros dispositivos digitales, como computadoras port\u00e1tiles y tabletas, con fines educativos. Mientras tanto, algunos distritos escolares ya est\u00e1n implementando de forma independiente pol\u00edticas para restringir el uso de tel\u00e9fonos celulares.<\/p>\n<p>El condado de Howard prohibi\u00f3 el uso de todos los dispositivos electr\u00f3nicos personales durante las clases y exigi\u00f3 que permanecieran en modo silencioso desde el a\u00f1o pasado. Los relojes inteligentes solo est\u00e1n permitidos para consultar la hora, y en caso de incumplimiento, el dispositivo ser\u00e1 confiscado y deber\u00e1 ser recogido por el padre o tutor despu\u00e9s de clase. La ciudad de Baltimore tambi\u00e9n est\u00e1 implementando por completo una pol\u00edtica que proh\u00edbe los dispositivos electr\u00f3nicos, incluidos tel\u00e9fonos celulares, tabletas, auriculares inal\u00e1mbricos y relojes inteligentes, a partir del semestre de oto\u00f1o de 2025, tras un programa piloto en 25 escuelas.<\/p>\n<p>El condado de Harford reforz\u00f3 a\u00fan m\u00e1s sus regulaciones sobre dispositivos electr\u00f3nicos para garantizar la seguridad tras un tiroteo escolar el a\u00f1o pasado. Los estudiantes de primaria deben guardar sus dispositivos personales en sus mochilas, mientras que los de secundaria deben guardarlos en sus casilleros. Los estudiantes de preparatoria deben apagar sus tel\u00e9fonos celulares durante las clases. Se informa que aproximadamente 30 estados de Estados Unidos est\u00e1n revisando actualmente legislaci\u00f3n sobre restricciones al uso de tel\u00e9fonos celulares en las escuelas.<\/p>\n","protected":false},"excerpt":{"rendered":"<p>El uso de tel\u00e9fonos m\u00f3viles y dispositivos inteligentes por parte de los estudiantes durante las clases estar\u00e1 completamente prohibido en las escuelas p\u00fablicas de Maryland. Seg\u00fan el Departamento de Educaci\u00f3n de Maryland, las escuelas p\u00fablicas de todo el estado deben restringir el uso de tel\u00e9fonos m\u00f3viles y computadoras port\u00e1tiles durante el horario escolar, de acuerdo &hellip; <a href=\"https:\/\/solicitudesta.es\/noticias\/prohibicion-estricta-del-uso-de-telefonos-moviles-en-clase\/\" class=\"more-link\">Sigue leyendo <span class=\"screen-reader-text\">Prohibici\u00f3n estricta del uso de tel\u00e9fonos m\u00f3viles en clase<\/span><\/a><\/p>\n","protected":false},"author":1,"featured_media":872,"comment_status":"closed","ping_status":"open","sticky":false,"template":"","format":"standard","meta":{"footnotes":""},"categories":[1],"tags":[],"class_list":["post-870","post","type-post","status-publish","format-standard","has-post-thumbnail","hentry","category-esta-noticias"],"yoast_head":"<!-- This site is optimized with the Yoast SEO plugin v28.3 - https:\/\/yoast.com\/product\/yoast-seo-wordpress\/ -->\n<title>Prohibici\u00f3n estricta del uso de tel\u00e9fonos m\u00f3viles en clase - Noticias EE.UU - ESTA<\/title>\n<meta name=\"robots\" content=\"index, follow, max-snippet:-1, max-image-preview:large, max-video-preview:-1\" \/>\n<link rel=\"canonical\" href=\"https:\/\/solicitudesta.es\/noticias\/prohibicion-estricta-del-uso-de-telefonos-moviles-en-clase\/\" \/>\n<meta property=\"og:locale\" content=\"es_ES\" \/>\n<meta property=\"og:type\" content=\"article\" \/>\n<meta property=\"og:title\" content=\"Prohibici\u00f3n estricta del uso de tel\u00e9fonos m\u00f3viles en clase - Noticias EE.UU - ESTA\" \/>\n<meta property=\"og:description\" content=\"El uso de tel\u00e9fonos m\u00f3viles y dispositivos inteligentes por parte de los estudiantes durante las clases estar\u00e1 completamente prohibido en las escuelas p\u00fablicas de Maryland. Seg\u00fan el Departamento de Educaci\u00f3n de Maryland, las escuelas p\u00fablicas de todo el estado deben restringir el uso de tel\u00e9fonos m\u00f3viles y computadoras port\u00e1tiles durante el horario escolar, de acuerdo &hellip; Sigue leyendo Prohibici\u00f3n estricta del uso de tel\u00e9fonos m\u00f3viles en clase\" \/>\n<meta property=\"og:url\" content=\"https:\/\/solicitudesta.es\/noticias\/prohibicion-estricta-del-uso-de-telefonos-moviles-en-clase\/\" \/>\n<meta property=\"og:site_name\" content=\"Noticias EE.UU - ESTA\" \/>\n<meta property=\"article:publisher\" content=\"https:\/\/www.facebook.com\/US-Visa-Travel-Pass-1053927617993589\/\" \/>\n<meta property=\"article:published_time\" content=\"2026-08-24T09:05:47+00:00\" \/>\n<meta property=\"og:image\" content=\"https:\/\/solicitudesta.es\/noticias\/wp-content\/uploads\/2026\/08\/ESTA-SPAIN-21.08.2026.jpg\" \/>\n\t<meta property=\"og:image:width\" content=\"700\" \/>\n\t<meta property=\"og:image:height\" content=\"700\" \/>\n\t<meta property=\"og:image:type\" content=\"image\/jpeg\" \/>\n<meta name=\"author\" content=\"Admin\" \/>\n<meta name=\"twitter:card\" content=\"summary_large_image\" \/>\n<meta name=\"twitter:creator\" content=\"@visatravelpass\" \/>\n<meta name=\"twitter:site\" content=\"@visatravelpass\" \/>\n<meta name=\"twitter:label1\" content=\"Escrito por\" \/>\n\t<meta name=\"twitter:data1\" content=\"Admin\" \/>\n\t<meta name=\"twitter:label2\" content=\"Tiempo de lectura\" \/>\n\t<meta name=\"twitter:data2\" content=\"2 minutos\" \/>\n<script type=\"application\/ld+json\" class=\"yoast-schema-graph\">{\"@context\":\"https:\\\/\\\/schema.org\",\"@graph\":[{\"@type\":\"Article\",\"@id\":\"https:\\\/\\\/solicitudesta.es\\\/noticias\\\/prohibicion-estricta-del-uso-de-telefonos-moviles-en-clase\\\/#article\",\"isPartOf\":{\"@id\":\"https:\\\/\\\/solicitudesta.es\\\/noticias\\\/prohibicion-estricta-del-uso-de-telefonos-moviles-en-clase\\\/\"},\"author\":{\"name\":\"Admin\",\"@id\":\"https:\\\/\\\/solicitudesta.es\\\/noticias\\\/#\\\/schema\\\/person\\\/bf84534931a3fef6904dbc3d5727662e\"},\"headline\":\"Prohibici\u00f3n estricta del uso de tel\u00e9fonos m\u00f3viles en clase\",\"datePublished\":\"2026-08-24T09:05:47+00:00\",\"mainEntityOfPage\":{\"@id\":\"https:\\\/\\\/solicitudesta.es\\\/noticias\\\/prohibicion-estricta-del-uso-de-telefonos-moviles-en-clase\\\/\"},\"wordCount\":456,\"publisher\":{\"@id\":\"https:\\\/\\\/solicitudesta.es\\\/noticias\\\/#organization\"},\"image\":{\"@id\":\"https:\\\/\\\/solicitudesta.es\\\/noticias\\\/prohibicion-estricta-del-uso-de-telefonos-moviles-en-clase\\\/#primaryimage\"},\"thumbnailUrl\":\"https:\\\/\\\/solicitudesta.es\\\/noticias\\\/wp-content\\\/uploads\\\/2026\\\/08\\\/ESTA-SPAIN-21.08.2026.jpg\",\"articleSection\":[\"ESTA Noticias\"],\"inLanguage\":\"es\"},{\"@type\":\"WebPage\",\"@id\":\"https:\\\/\\\/solicitudesta.es\\\/noticias\\\/prohibicion-estricta-del-uso-de-telefonos-moviles-en-clase\\\/\",\"url\":\"https:\\\/\\\/solicitudesta.es\\\/noticias\\\/prohibicion-estricta-del-uso-de-telefonos-moviles-en-clase\\\/\",\"name\":\"Prohibici\u00f3n estricta del uso de tel\u00e9fonos m\u00f3viles en clase - Noticias EE.UU - ESTA\",\"isPartOf\":{\"@id\":\"https:\\\/\\\/solicitudesta.es\\\/noticias\\\/#website\"},\"primaryImageOfPage\":{\"@id\":\"https:\\\/\\\/solicitudesta.es\\\/noticias\\\/prohibicion-estricta-del-uso-de-telefonos-moviles-en-clase\\\/#primaryimage\"},\"image\":{\"@id\":\"https:\\\/\\\/solicitudesta.es\\\/noticias\\\/prohibicion-estricta-del-uso-de-telefonos-moviles-en-clase\\\/#primaryimage\"},\"thumbnailUrl\":\"https:\\\/\\\/solicitudesta.es\\\/noticias\\\/wp-content\\\/uploads\\\/2026\\\/08\\\/ESTA-SPAIN-21.08.2026.jpg\",\"datePublished\":\"2026-08-24T09:05:47+00:00\",\"breadcrumb\":{\"@id\":\"https:\\\/\\\/solicitudesta.es\\\/noticias\\\/prohibicion-estricta-del-uso-de-telefonos-moviles-en-clase\\\/#breadcrumb\"},\"inLanguage\":\"es\",\"potentialAction\":[{\"@type\":\"ReadAction\",\"target\":[\"https:\\\/\\\/solicitudesta.es\\\/noticias\\\/prohibicion-estricta-del-uso-de-telefonos-moviles-en-clase\\\/\"]}]},{\"@type\":\"ImageObject\",\"inLanguage\":\"es\",\"@id\":\"https:\\\/\\\/solicitudesta.es\\\/noticias\\\/prohibicion-estricta-del-uso-de-telefonos-moviles-en-clase\\\/#primaryimage\",\"url\":\"https:\\\/\\\/solicitudesta.es\\\/noticias\\\/wp-content\\\/uploads\\\/2026\\\/08\\\/ESTA-SPAIN-21.08.2026.jpg\",\"contentUrl\":\"https:\\\/\\\/solicitudesta.es\\\/noticias\\\/wp-content\\\/uploads\\\/2026\\\/08\\\/ESTA-SPAIN-21.08.2026.jpg\",\"width\":700,\"height\":700},{\"@type\":\"BreadcrumbList\",\"@id\":\"https:\\\/\\\/solicitudesta.es\\\/noticias\\\/prohibicion-estricta-del-uso-de-telefonos-moviles-en-clase\\\/#breadcrumb\",\"itemListElement\":[{\"@type\":\"ListItem\",\"position\":1,\"name\":\"Home\",\"item\":\"https:\\\/\\\/solicitudesta.es\\\/noticias\\\/\"},{\"@type\":\"ListItem\",\"position\":2,\"name\":\"Prohibici\u00f3n estricta del uso de tel\u00e9fonos m\u00f3viles en clase\"}]},{\"@type\":\"WebSite\",\"@id\":\"https:\\\/\\\/solicitudesta.es\\\/noticias\\\/#website\",\"url\":\"https:\\\/\\\/solicitudesta.es\\\/noticias\\\/\",\"name\":\"Noticias EE.UU - ESTA\",\"description\":\"Noticias y Actualidades sobre EE.UU, Viajes y Solicitud ESTA EE.UU\",\"publisher\":{\"@id\":\"https:\\\/\\\/solicitudesta.es\\\/noticias\\\/#organization\"},\"potentialAction\":[{\"@type\":\"SearchAction\",\"target\":{\"@type\":\"EntryPoint\",\"urlTemplate\":\"https:\\\/\\\/solicitudesta.es\\\/noticias\\\/?s={search_term_string}\"},\"query-input\":{\"@type\":\"PropertyValueSpecification\",\"valueRequired\":true,\"valueName\":\"search_term_string\"}}],\"inLanguage\":\"es\"},{\"@type\":\"Organization\",\"@id\":\"https:\\\/\\\/solicitudesta.es\\\/noticias\\\/#organization\",\"name\":\"U.S. ESTA Travel Pass\",\"url\":\"https:\\\/\\\/solicitudesta.es\\\/noticias\\\/\",\"logo\":{\"@type\":\"ImageObject\",\"inLanguage\":\"es\",\"@id\":\"https:\\\/\\\/solicitudesta.es\\\/noticias\\\/#\\\/schema\\\/logo\\\/image\\\/\",\"url\":\"https:\\\/\\\/usvisatravelpass.com\\\/news\\\/wp-content\\\/uploads\\\/2016\\\/08\\\/logo1.png\",\"contentUrl\":\"https:\\\/\\\/usvisatravelpass.com\\\/news\\\/wp-content\\\/uploads\\\/2016\\\/08\\\/logo1.png\",\"width\":297,\"height\":90,\"caption\":\"U.S. ESTA Travel Pass\"},\"image\":{\"@id\":\"https:\\\/\\\/solicitudesta.es\\\/noticias\\\/#\\\/schema\\\/logo\\\/image\\\/\"},\"sameAs\":[\"https:\\\/\\\/www.facebook.com\\\/US-Visa-Travel-Pass-1053927617993589\\\/\",\"https:\\\/\\\/x.com\\\/visatravelpass\"]},{\"@type\":\"Person\",\"@id\":\"https:\\\/\\\/solicitudesta.es\\\/noticias\\\/#\\\/schema\\\/person\\\/bf84534931a3fef6904dbc3d5727662e\",\"name\":\"Admin\"}]}<\/script>\n<!-- \/ Yoast SEO plugin. -->","yoast_head_json":{"title":"Prohibici\u00f3n estricta del uso de tel\u00e9fonos m\u00f3viles en clase - Noticias EE.UU - ESTA","robots":{"index":"index","follow":"follow","max-snippet":"max-snippet:-1","max-image-preview":"max-image-preview:large","max-video-preview":"max-video-preview:-1"},"canonical":"https:\/\/solicitudesta.es\/noticias\/prohibicion-estricta-del-uso-de-telefonos-moviles-en-clase\/","og_locale":"es_ES","og_type":"article","og_title":"Prohibici\u00f3n estricta del uso de tel\u00e9fonos m\u00f3viles en clase - Noticias EE.UU - ESTA","og_description":"El uso de tel\u00e9fonos m\u00f3viles y dispositivos inteligentes por parte de los estudiantes durante las clases estar\u00e1 completamente prohibido en las escuelas p\u00fablicas de Maryland. Seg\u00fan el Departamento de Educaci\u00f3n de Maryland, las escuelas p\u00fablicas de todo el estado deben restringir el uso de tel\u00e9fonos m\u00f3viles y computadoras port\u00e1tiles durante el horario escolar, de acuerdo &hellip; Sigue leyendo Prohibici\u00f3n estricta del uso de tel\u00e9fonos m\u00f3viles en clase","og_url":"https:\/\/solicitudesta.es\/noticias\/prohibicion-estricta-del-uso-de-telefonos-moviles-en-clase\/","og_site_name":"Noticias EE.UU - ESTA","article_publisher":"https:\/\/www.facebook.com\/US-Visa-Travel-Pass-1053927617993589\/","article_published_time":"2026-08-24T09:05:47+00:00","og_image":[{"width":700,"height":700,"url":"https:\/\/solicitudesta.es\/noticias\/wp-content\/uploads\/2026\/08\/ESTA-SPAIN-21.08.2026.jpg","type":"image\/jpeg"}],"author":"Admin","twitter_card":"summary_large_image","twitter_creator":"@visatravelpass","twitter_site":"@visatravelpass","twitter_misc":{"Escrito por":"Admin","Tiempo de lectura":"2 minutos"},"schema":{"@context":"https:\/\/schema.org","@graph":[{"@type":"Article","@id":"https:\/\/solicitudesta.es\/noticias\/prohibicion-estricta-del-uso-de-telefonos-moviles-en-clase\/#article","isPartOf":{"@id":"https:\/\/solicitudesta.es\/noticias\/prohibicion-estricta-del-uso-de-telefonos-moviles-en-clase\/"},"author":{"name":"Admin","@id":"https:\/\/solicitudesta.es\/noticias\/#\/schema\/person\/bf84534931a3fef6904dbc3d5727662e"},"headline":"Prohibici\u00f3n estricta del uso de tel\u00e9fonos m\u00f3viles en clase","datePublished":"2026-08-24T09:05:47+00:00","mainEntityOfPage":{"@id":"https:\/\/solicitudesta.es\/noticias\/prohibicion-estricta-del-uso-de-telefonos-moviles-en-clase\/"},"wordCount":456,"publisher":{"@id":"https:\/\/solicitudesta.es\/noticias\/#organization"},"image":{"@id":"https:\/\/solicitudesta.es\/noticias\/prohibicion-estricta-del-uso-de-telefonos-moviles-en-clase\/#primaryimage"},"thumbnailUrl":"https:\/\/solicitudesta.es\/noticias\/wp-content\/uploads\/2026\/08\/ESTA-SPAIN-21.08.2026.jpg","articleSection":["ESTA Noticias"],"inLanguage":"es"},{"@type":"WebPage","@id":"https:\/\/solicitudesta.es\/noticias\/prohibicion-estricta-del-uso-de-telefonos-moviles-en-clase\/","url":"https:\/\/solicitudesta.es\/noticias\/prohibicion-estricta-del-uso-de-telefonos-moviles-en-clase\/","name":"Prohibici\u00f3n estricta del uso de tel\u00e9fonos m\u00f3viles en clase - Noticias EE.UU - ESTA","isPartOf":{"@id":"https:\/\/solicitudesta.es\/noticias\/#website"},"primaryImageOfPage":{"@id":"https:\/\/solicitudesta.es\/noticias\/prohibicion-estricta-del-uso-de-telefonos-moviles-en-clase\/#primaryimage"},"image":{"@id":"https:\/\/solicitudesta.es\/noticias\/prohibicion-estricta-del-uso-de-telefonos-moviles-en-clase\/#primaryimage"},"thumbnailUrl":"https:\/\/solicitudesta.es\/noticias\/wp-content\/uploads\/2026\/08\/ESTA-SPAIN-21.08.2026.jpg","datePublished":"2026-08-24T09:05:47+00:00","breadcrumb":{"@id":"https:\/\/solicitudesta.es\/noticias\/prohibicion-estricta-del-uso-de-telefonos-moviles-en-clase\/#breadcrumb"},"inLanguage":"es","potentialAction":[{"@type":"ReadAction","target":["https:\/\/solicitudesta.es\/noticias\/prohibicion-estricta-del-uso-de-telefonos-moviles-en-clase\/"]}]},{"@type":"ImageObject","inLanguage":"es","@id":"https:\/\/solicitudesta.es\/noticias\/prohibicion-estricta-del-uso-de-telefonos-moviles-en-clase\/#primaryimage","url":"https:\/\/solicitudesta.es\/noticias\/wp-content\/uploads\/2026\/08\/ESTA-SPAIN-21.08.2026.jpg","contentUrl":"https:\/\/solicitudesta.es\/noticias\/wp-content\/uploads\/2026\/08\/ESTA-SPAIN-21.08.2026.jpg","width":700,"height":700},{"@type":"BreadcrumbList","@id":"https:\/\/solicitudesta.es\/noticias\/prohibicion-estricta-del-uso-de-telefonos-moviles-en-clase\/#breadcrumb","itemListElement":[{"@type":"ListItem","position":1,"name":"Home","item":"https:\/\/solicitudesta.es\/noticias\/"},{"@type":"ListItem","position":2,"name":"Prohibici\u00f3n estricta del uso de tel\u00e9fonos m\u00f3viles en clase"}]},{"@type":"WebSite","@id":"https:\/\/solicitudesta.es\/noticias\/#website","url":"https:\/\/solicitudesta.es\/noticias\/","name":"Noticias EE.UU - ESTA","description":"Noticias y Actualidades sobre EE.UU, Viajes y Solicitud ESTA EE.UU","publisher":{"@id":"https:\/\/solicitudesta.es\/noticias\/#organization"},"potentialAction":[{"@type":"SearchAction","target":{"@type":"EntryPoint","urlTemplate":"https:\/\/solicitudesta.es\/noticias\/?s={search_term_string}"},"query-input":{"@type":"PropertyValueSpecification","valueRequired":true,"valueName":"search_term_string"}}],"inLanguage":"es"},{"@type":"Organization","@id":"https:\/\/solicitudesta.es\/noticias\/#organization","name":"U.S. ESTA Travel Pass","url":"https:\/\/solicitudesta.es\/noticias\/","logo":{"@type":"ImageObject","inLanguage":"es","@id":"https:\/\/solicitudesta.es\/noticias\/#\/schema\/logo\/image\/","url":"https:\/\/usvisatravelpass.com\/news\/wp-content\/uploads\/2016\/08\/logo1.png","contentUrl":"https:\/\/usvisatravelpass.com\/news\/wp-content\/uploads\/2016\/08\/logo1.png","width":297,"height":90,"caption":"U.S. ESTA Travel Pass"},"image":{"@id":"https:\/\/solicitudesta.es\/noticias\/#\/schema\/logo\/image\/"},"sameAs":["https:\/\/www.facebook.com\/US-Visa-Travel-Pass-1053927617993589\/","https:\/\/x.com\/visatravelpass"]},{"@type":"Person","@id":"https:\/\/solicitudesta.es\/noticias\/#\/schema\/person\/bf84534931a3fef6904dbc3d5727662e","name":"Admin"}]}},"_links":{"self":[{"href":"https:\/\/solicitudesta.es\/noticias\/wp-json\/wp\/v2\/posts\/870","targetHints":{"allow":["GET"]}}],"collection":[{"href":"https:\/\/solicitudesta.es\/noticias\/wp-json\/wp\/v2\/posts"}],"about":[{"href":"https:\/\/solicitudesta.es\/noticias\/wp-json\/wp\/v2\/types\/post"}],"author":[{"embeddable":true,"href":"https:\/\/solicitudesta.es\/noticias\/wp-json\/wp\/v2\/users\/1"}],"replies":[{"embeddable":true,"href":"https:\/\/solicitudesta.es\/noticias\/wp-json\/wp\/v2\/comments?post=870"}],"version-history":[{"count":1,"href":"https:\/\/solicitudesta.es\/noticias\/wp-json\/wp\/v2\/posts\/870\/revisions"}],"predecessor-version":[{"id":871,"href":"https:\/\/solicitudesta.es\/noticias\/wp-json\/wp\/v2\/posts\/870\/revisions\/871"}],"wp:featuredmedia":[{"embeddable":true,"href":"https:\/\/solicitudesta.es\/noticias\/wp-json\/wp\/v2\/media\/872"}],"wp:attachment":[{"href":"https:\/\/solicitudesta.es\/noticias\/wp-json\/wp\/v2\/media?parent=870"}],"wp:term":[{"taxonomy":"category","embeddable":true,"href":"https:\/\/solicitudesta.es\/noticias\/wp-json\/wp\/v2\/categories?post=870"},{"taxonomy":"post_tag","embeddable":true,"href":"https:\/\/solicitudesta.es\/noticias\/wp-json\/wp\/v2\/tags?post=870"}],"curies":[{"name":"wp","href":"https:\/\/api.w.org\/{rel}","templated":true}]}}