{"id":861,"date":"2026-07-30T19:03:25","date_gmt":"2026-07-30T09:03:25","guid":{"rendered":"https:\/\/solicitudesta.es\/noticias\/?p=861"},"modified":"2026-07-30T13:40:46","modified_gmt":"2026-07-30T03:40:46","slug":"netanyahu-ordena-a-trump-que-presione-a-iran","status":"publish","type":"post","link":"https:\/\/solicitudesta.es\/noticias\/netanyahu-ordena-a-trump-que-presione-a-iran\/","title":{"rendered":"Netanyahu ordena a Trump que presione a Ir\u00e1n."},"content":{"rendered":"<p>El primer ministro israel\u00ed, Benjamin Netanyahu, se reuni\u00f3 con el presidente Donald Trump en la Casa Blanca el 28 de marzo y pidi\u00f3 una fuerte presi\u00f3n sobre Ir\u00e1n, seg\u00fan inform\u00f3 el medio estadounidense Axios el 29 de marzo. El medio inform\u00f3 que un funcionario israel\u00ed declar\u00f3 en una rueda de prensa posterior a la cumbre: \u00abAl presidente Trump le preocupaba el impacto que una guerra tendr\u00eda en los mercados energ\u00e9ticos y la econom\u00eda global\u00bb, y a\u00f1adi\u00f3: \u00abEn respuesta, el primer ministro Netanyahu afirm\u00f3 que Ir\u00e1n pretende utilizar el estrecho de Ormuz, su \u00fanico punto de presi\u00f3n, para obtener concesiones de Estados Unidos\u00bb.<\/p>\n<p>El funcionario explic\u00f3: \u00abEl primer ministro Netanyahu no desestim\u00f3 las preocupaciones del presidente Trump, pero afirm\u00f3 que existen maneras de seguir presionando la econom\u00eda iran\u00ed, que ya se encuentra bajo una fuerte presi\u00f3n\u00bb, y agreg\u00f3: \u00abDiscutimos la posibilidad de aumentar la presi\u00f3n econ\u00f3mica por medios militares y no militares\u00bb. Tambi\u00e9n a\u00f1adi\u00f3: \u00ab(Los dos l\u00edderes) discutieron la posibilidad de continuar el bloqueo para presionar a Ir\u00e1n\u00bb. El funcionario declar\u00f3 que la agenda principal de la cumbre consist\u00eda en tres opciones que el presidente Trump estaba considerando: llegar a un acuerdo con Ir\u00e1n, mantener el bloqueo naval y aumentar la presi\u00f3n econ\u00f3mica, y reanudar e intensificar los ataques militares. Sin embargo, el primer ministro Netanyahu enfatiz\u00f3 que se mostraba esc\u00e9ptico sobre la posibilidad de alcanzar un acuerdo. Respecto al l\u00edder supremo de Ir\u00e1n, el ayatol\u00e1 Seyyed Mojtaba Khamenei, el funcionario afirm\u00f3: \u00abEs muy negativo en todo, pero no est\u00e1 claro si realmente da las \u00f3rdenes principales\u00bb.<\/p>\n<p>Adem\u00e1s, se inform\u00f3 que el primer ministro Netanyahu le dijo al presidente Trump que est\u00e1 considerando seriamente un plan de autodefensa para reducir la ayuda militar estadounidense a \u00abcero\u00bb en los pr\u00f3ximos 10 a\u00f1os. El funcionario explic\u00f3: \u00abEl primer ministro Netanyahu ha instruido a la industria de defensa israel\u00ed para que desarrolle aviones de combate modernos en 10 a\u00f1os\u00bb, y agreg\u00f3: \u00abEsto es para mantener la fuerza de la Fuerza A\u00e9rea Israel\u00ed incluso si Estados Unidos deja de suministrar F-35 u otros aviones de combate avanzados\u00bb. Continu\u00f3 diciendo: \u00abEl primer ministro Netanyahu afirm\u00f3 que no quiere que Israel dependa de la buena voluntad del Congreso de los Estados Unidos\u00bb, se\u00f1alando que \u00abesto se debe a que cree que el sentimiento pol\u00edtico de ambos partidos con respecto a la ayuda militar se ha vuelto negativo\u00bb. A\u00f1adi\u00f3: \u00abEl primer ministro Netanyahu propone un nuevo memorando de entendimiento que incluye 16.000 millones de d\u00f3lares en apoyo militar obligatorio de Estados Unidos (FMF), adem\u00e1s de entre 5.000 y 10.000 millones de d\u00f3lares en financiaci\u00f3n para el desarrollo de la defensa a\u00e9rea de Israel (durante los pr\u00f3ximos 10 a\u00f1os)\u00bb. Esto representa una disminuci\u00f3n significativa en comparaci\u00f3n con los 33.000 millones de d\u00f3lares en apoyo militar obligatorio de Estados Unidos entre 2019 y 2028.<\/p>\n","protected":false},"excerpt":{"rendered":"<p>El primer ministro israel\u00ed, Benjamin Netanyahu, se reuni\u00f3 con el presidente Donald Trump en la Casa Blanca el 28 de marzo y pidi\u00f3 una fuerte presi\u00f3n sobre Ir\u00e1n, seg\u00fan inform\u00f3 el medio estadounidense Axios el 29 de marzo. El medio inform\u00f3 que un funcionario israel\u00ed declar\u00f3 en una rueda de prensa posterior a la cumbre: &hellip; <a href=\"https:\/\/solicitudesta.es\/noticias\/netanyahu-ordena-a-trump-que-presione-a-iran\/\" class=\"more-link\">Sigue leyendo <span class=\"screen-reader-text\">Netanyahu ordena a Trump que presione a Ir\u00e1n.<\/span><\/a><\/p>\n","protected":false},"author":1,"featured_media":862,"comment_status":"closed","ping_status":"open","sticky":false,"template":"","format":"standard","meta":{"footnotes":""},"categories":[1],"tags":[],"class_list":["post-861","post","type-post","status-publish","format-standard","has-post-thumbnail","hentry","category-esta-noticias"],"yoast_head":"<!-- This site is optimized with the Yoast SEO plugin v28.3 - https:\/\/yoast.com\/product\/yoast-seo-wordpress\/ -->\n<title>Netanyahu ordena a Trump que presione a Ir\u00e1n. - Noticias EE.UU - ESTA<\/title>\n<meta name=\"robots\" content=\"index, follow, max-snippet:-1, max-image-preview:large, max-video-preview:-1\" \/>\n<link rel=\"canonical\" href=\"https:\/\/solicitudesta.es\/noticias\/netanyahu-ordena-a-trump-que-presione-a-iran\/\" \/>\n<meta property=\"og:locale\" content=\"es_ES\" \/>\n<meta property=\"og:type\" content=\"article\" \/>\n<meta property=\"og:title\" content=\"Netanyahu ordena a Trump que presione a Ir\u00e1n. - Noticias EE.UU - ESTA\" \/>\n<meta property=\"og:description\" content=\"El primer ministro israel\u00ed, Benjamin Netanyahu, se reuni\u00f3 con el presidente Donald Trump en la Casa Blanca el 28 de marzo y pidi\u00f3 una fuerte presi\u00f3n sobre Ir\u00e1n, seg\u00fan inform\u00f3 el medio estadounidense Axios el 29 de marzo. El medio inform\u00f3 que un funcionario israel\u00ed declar\u00f3 en una rueda de prensa posterior a la cumbre: &hellip; Sigue leyendo Netanyahu ordena a Trump que presione a Ir\u00e1n.\" \/>\n<meta property=\"og:url\" content=\"https:\/\/solicitudesta.es\/noticias\/netanyahu-ordena-a-trump-que-presione-a-iran\/\" \/>\n<meta property=\"og:site_name\" content=\"Noticias EE.UU - ESTA\" \/>\n<meta property=\"article:publisher\" content=\"https:\/\/www.facebook.com\/US-Visa-Travel-Pass-1053927617993589\/\" \/>\n<meta property=\"article:published_time\" content=\"2026-07-30T09:03:25+00:00\" \/>\n<meta property=\"og:image\" content=\"https:\/\/solicitudesta.es\/noticias\/wp-content\/uploads\/2026\/07\/ESTA-SPAIN-2.jpg\" \/>\n\t<meta property=\"og:image:width\" content=\"700\" \/>\n\t<meta property=\"og:image:height\" content=\"467\" \/>\n\t<meta property=\"og:image:type\" content=\"image\/jpeg\" \/>\n<meta name=\"author\" content=\"Admin\" \/>\n<meta name=\"twitter:card\" content=\"summary_large_image\" \/>\n<meta name=\"twitter:creator\" content=\"@visatravelpass\" \/>\n<meta name=\"twitter:site\" content=\"@visatravelpass\" \/>\n<meta name=\"twitter:label1\" content=\"Escrito por\" \/>\n\t<meta name=\"twitter:data1\" content=\"Admin\" \/>\n\t<meta name=\"twitter:label2\" content=\"Tiempo de lectura\" \/>\n\t<meta name=\"twitter:data2\" content=\"3 minutos\" \/>\n<script type=\"application\/ld+json\" class=\"yoast-schema-graph\">{\"@context\":\"https:\\\/\\\/schema.org\",\"@graph\":[{\"@type\":\"Article\",\"@id\":\"https:\\\/\\\/solicitudesta.es\\\/noticias\\\/netanyahu-ordena-a-trump-que-presione-a-iran\\\/#article\",\"isPartOf\":{\"@id\":\"https:\\\/\\\/solicitudesta.es\\\/noticias\\\/netanyahu-ordena-a-trump-que-presione-a-iran\\\/\"},\"author\":{\"name\":\"Admin\",\"@id\":\"https:\\\/\\\/solicitudesta.es\\\/noticias\\\/#\\\/schema\\\/person\\\/bf84534931a3fef6904dbc3d5727662e\"},\"headline\":\"Netanyahu ordena a Trump que presione a Ir\u00e1n.\",\"datePublished\":\"2026-07-30T09:03:25+00:00\",\"mainEntityOfPage\":{\"@id\":\"https:\\\/\\\/solicitudesta.es\\\/noticias\\\/netanyahu-ordena-a-trump-que-presione-a-iran\\\/\"},\"wordCount\":504,\"publisher\":{\"@id\":\"https:\\\/\\\/solicitudesta.es\\\/noticias\\\/#organization\"},\"image\":{\"@id\":\"https:\\\/\\\/solicitudesta.es\\\/noticias\\\/netanyahu-ordena-a-trump-que-presione-a-iran\\\/#primaryimage\"},\"thumbnailUrl\":\"https:\\\/\\\/solicitudesta.es\\\/noticias\\\/wp-content\\\/uploads\\\/2026\\\/07\\\/ESTA-SPAIN-2.jpg\",\"articleSection\":[\"ESTA Noticias\"],\"inLanguage\":\"es\"},{\"@type\":\"WebPage\",\"@id\":\"https:\\\/\\\/solicitudesta.es\\\/noticias\\\/netanyahu-ordena-a-trump-que-presione-a-iran\\\/\",\"url\":\"https:\\\/\\\/solicitudesta.es\\\/noticias\\\/netanyahu-ordena-a-trump-que-presione-a-iran\\\/\",\"name\":\"Netanyahu ordena a Trump que presione a Ir\u00e1n. - Noticias EE.UU - ESTA\",\"isPartOf\":{\"@id\":\"https:\\\/\\\/solicitudesta.es\\\/noticias\\\/#website\"},\"primaryImageOfPage\":{\"@id\":\"https:\\\/\\\/solicitudesta.es\\\/noticias\\\/netanyahu-ordena-a-trump-que-presione-a-iran\\\/#primaryimage\"},\"image\":{\"@id\":\"https:\\\/\\\/solicitudesta.es\\\/noticias\\\/netanyahu-ordena-a-trump-que-presione-a-iran\\\/#primaryimage\"},\"thumbnailUrl\":\"https:\\\/\\\/solicitudesta.es\\\/noticias\\\/wp-content\\\/uploads\\\/2026\\\/07\\\/ESTA-SPAIN-2.jpg\",\"datePublished\":\"2026-07-30T09:03:25+00:00\",\"breadcrumb\":{\"@id\":\"https:\\\/\\\/solicitudesta.es\\\/noticias\\\/netanyahu-ordena-a-trump-que-presione-a-iran\\\/#breadcrumb\"},\"inLanguage\":\"es\",\"potentialAction\":[{\"@type\":\"ReadAction\",\"target\":[\"https:\\\/\\\/solicitudesta.es\\\/noticias\\\/netanyahu-ordena-a-trump-que-presione-a-iran\\\/\"]}]},{\"@type\":\"ImageObject\",\"inLanguage\":\"es\",\"@id\":\"https:\\\/\\\/solicitudesta.es\\\/noticias\\\/netanyahu-ordena-a-trump-que-presione-a-iran\\\/#primaryimage\",\"url\":\"https:\\\/\\\/solicitudesta.es\\\/noticias\\\/wp-content\\\/uploads\\\/2026\\\/07\\\/ESTA-SPAIN-2.jpg\",\"contentUrl\":\"https:\\\/\\\/solicitudesta.es\\\/noticias\\\/wp-content\\\/uploads\\\/2026\\\/07\\\/ESTA-SPAIN-2.jpg\",\"width\":700,\"height\":467},{\"@type\":\"BreadcrumbList\",\"@id\":\"https:\\\/\\\/solicitudesta.es\\\/noticias\\\/netanyahu-ordena-a-trump-que-presione-a-iran\\\/#breadcrumb\",\"itemListElement\":[{\"@type\":\"ListItem\",\"position\":1,\"name\":\"Home\",\"item\":\"https:\\\/\\\/solicitudesta.es\\\/noticias\\\/\"},{\"@type\":\"ListItem\",\"position\":2,\"name\":\"Netanyahu ordena a Trump que presione a Ir\u00e1n.\"}]},{\"@type\":\"WebSite\",\"@id\":\"https:\\\/\\\/solicitudesta.es\\\/noticias\\\/#website\",\"url\":\"https:\\\/\\\/solicitudesta.es\\\/noticias\\\/\",\"name\":\"Noticias EE.UU - ESTA\",\"description\":\"Noticias y Actualidades sobre EE.UU, Viajes y Solicitud ESTA EE.UU\",\"publisher\":{\"@id\":\"https:\\\/\\\/solicitudesta.es\\\/noticias\\\/#organization\"},\"potentialAction\":[{\"@type\":\"SearchAction\",\"target\":{\"@type\":\"EntryPoint\",\"urlTemplate\":\"https:\\\/\\\/solicitudesta.es\\\/noticias\\\/?s={search_term_string}\"},\"query-input\":{\"@type\":\"PropertyValueSpecification\",\"valueRequired\":true,\"valueName\":\"search_term_string\"}}],\"inLanguage\":\"es\"},{\"@type\":\"Organization\",\"@id\":\"https:\\\/\\\/solicitudesta.es\\\/noticias\\\/#organization\",\"name\":\"U.S. ESTA Travel Pass\",\"url\":\"https:\\\/\\\/solicitudesta.es\\\/noticias\\\/\",\"logo\":{\"@type\":\"ImageObject\",\"inLanguage\":\"es\",\"@id\":\"https:\\\/\\\/solicitudesta.es\\\/noticias\\\/#\\\/schema\\\/logo\\\/image\\\/\",\"url\":\"https:\\\/\\\/usvisatravelpass.com\\\/news\\\/wp-content\\\/uploads\\\/2016\\\/08\\\/logo1.png\",\"contentUrl\":\"https:\\\/\\\/usvisatravelpass.com\\\/news\\\/wp-content\\\/uploads\\\/2016\\\/08\\\/logo1.png\",\"width\":297,\"height\":90,\"caption\":\"U.S. ESTA Travel Pass\"},\"image\":{\"@id\":\"https:\\\/\\\/solicitudesta.es\\\/noticias\\\/#\\\/schema\\\/logo\\\/image\\\/\"},\"sameAs\":[\"https:\\\/\\\/www.facebook.com\\\/US-Visa-Travel-Pass-1053927617993589\\\/\",\"https:\\\/\\\/x.com\\\/visatravelpass\"]},{\"@type\":\"Person\",\"@id\":\"https:\\\/\\\/solicitudesta.es\\\/noticias\\\/#\\\/schema\\\/person\\\/bf84534931a3fef6904dbc3d5727662e\",\"name\":\"Admin\"}]}<\/script>\n<!-- \/ Yoast SEO plugin. -->","yoast_head_json":{"title":"Netanyahu ordena a Trump que presione a Ir\u00e1n. - Noticias EE.UU - ESTA","robots":{"index":"index","follow":"follow","max-snippet":"max-snippet:-1","max-image-preview":"max-image-preview:large","max-video-preview":"max-video-preview:-1"},"canonical":"https:\/\/solicitudesta.es\/noticias\/netanyahu-ordena-a-trump-que-presione-a-iran\/","og_locale":"es_ES","og_type":"article","og_title":"Netanyahu ordena a Trump que presione a Ir\u00e1n. - Noticias EE.UU - ESTA","og_description":"El primer ministro israel\u00ed, Benjamin Netanyahu, se reuni\u00f3 con el presidente Donald Trump en la Casa Blanca el 28 de marzo y pidi\u00f3 una fuerte presi\u00f3n sobre Ir\u00e1n, seg\u00fan inform\u00f3 el medio estadounidense Axios el 29 de marzo. El medio inform\u00f3 que un funcionario israel\u00ed declar\u00f3 en una rueda de prensa posterior a la cumbre: &hellip; Sigue leyendo Netanyahu ordena a Trump que presione a Ir\u00e1n.","og_url":"https:\/\/solicitudesta.es\/noticias\/netanyahu-ordena-a-trump-que-presione-a-iran\/","og_site_name":"Noticias EE.UU - ESTA","article_publisher":"https:\/\/www.facebook.com\/US-Visa-Travel-Pass-1053927617993589\/","article_published_time":"2026-07-30T09:03:25+00:00","og_image":[{"width":700,"height":467,"url":"https:\/\/solicitudesta.es\/noticias\/wp-content\/uploads\/2026\/07\/ESTA-SPAIN-2.jpg","type":"image\/jpeg"}],"author":"Admin","twitter_card":"summary_large_image","twitter_creator":"@visatravelpass","twitter_site":"@visatravelpass","twitter_misc":{"Escrito por":"Admin","Tiempo de lectura":"3 minutos"},"schema":{"@context":"https:\/\/schema.org","@graph":[{"@type":"Article","@id":"https:\/\/solicitudesta.es\/noticias\/netanyahu-ordena-a-trump-que-presione-a-iran\/#article","isPartOf":{"@id":"https:\/\/solicitudesta.es\/noticias\/netanyahu-ordena-a-trump-que-presione-a-iran\/"},"author":{"name":"Admin","@id":"https:\/\/solicitudesta.es\/noticias\/#\/schema\/person\/bf84534931a3fef6904dbc3d5727662e"},"headline":"Netanyahu ordena a Trump que presione a Ir\u00e1n.","datePublished":"2026-07-30T09:03:25+00:00","mainEntityOfPage":{"@id":"https:\/\/solicitudesta.es\/noticias\/netanyahu-ordena-a-trump-que-presione-a-iran\/"},"wordCount":504,"publisher":{"@id":"https:\/\/solicitudesta.es\/noticias\/#organization"},"image":{"@id":"https:\/\/solicitudesta.es\/noticias\/netanyahu-ordena-a-trump-que-presione-a-iran\/#primaryimage"},"thumbnailUrl":"https:\/\/solicitudesta.es\/noticias\/wp-content\/uploads\/2026\/07\/ESTA-SPAIN-2.jpg","articleSection":["ESTA Noticias"],"inLanguage":"es"},{"@type":"WebPage","@id":"https:\/\/solicitudesta.es\/noticias\/netanyahu-ordena-a-trump-que-presione-a-iran\/","url":"https:\/\/solicitudesta.es\/noticias\/netanyahu-ordena-a-trump-que-presione-a-iran\/","name":"Netanyahu ordena a Trump que presione a Ir\u00e1n. - Noticias EE.UU - ESTA","isPartOf":{"@id":"https:\/\/solicitudesta.es\/noticias\/#website"},"primaryImageOfPage":{"@id":"https:\/\/solicitudesta.es\/noticias\/netanyahu-ordena-a-trump-que-presione-a-iran\/#primaryimage"},"image":{"@id":"https:\/\/solicitudesta.es\/noticias\/netanyahu-ordena-a-trump-que-presione-a-iran\/#primaryimage"},"thumbnailUrl":"https:\/\/solicitudesta.es\/noticias\/wp-content\/uploads\/2026\/07\/ESTA-SPAIN-2.jpg","datePublished":"2026-07-30T09:03:25+00:00","breadcrumb":{"@id":"https:\/\/solicitudesta.es\/noticias\/netanyahu-ordena-a-trump-que-presione-a-iran\/#breadcrumb"},"inLanguage":"es","potentialAction":[{"@type":"ReadAction","target":["https:\/\/solicitudesta.es\/noticias\/netanyahu-ordena-a-trump-que-presione-a-iran\/"]}]},{"@type":"ImageObject","inLanguage":"es","@id":"https:\/\/solicitudesta.es\/noticias\/netanyahu-ordena-a-trump-que-presione-a-iran\/#primaryimage","url":"https:\/\/solicitudesta.es\/noticias\/wp-content\/uploads\/2026\/07\/ESTA-SPAIN-2.jpg","contentUrl":"https:\/\/solicitudesta.es\/noticias\/wp-content\/uploads\/2026\/07\/ESTA-SPAIN-2.jpg","width":700,"height":467},{"@type":"BreadcrumbList","@id":"https:\/\/solicitudesta.es\/noticias\/netanyahu-ordena-a-trump-que-presione-a-iran\/#breadcrumb","itemListElement":[{"@type":"ListItem","position":1,"name":"Home","item":"https:\/\/solicitudesta.es\/noticias\/"},{"@type":"ListItem","position":2,"name":"Netanyahu ordena a Trump que presione a Ir\u00e1n."}]},{"@type":"WebSite","@id":"https:\/\/solicitudesta.es\/noticias\/#website","url":"https:\/\/solicitudesta.es\/noticias\/","name":"Noticias EE.UU - ESTA","description":"Noticias y Actualidades sobre EE.UU, Viajes y Solicitud ESTA EE.UU","publisher":{"@id":"https:\/\/solicitudesta.es\/noticias\/#organization"},"potentialAction":[{"@type":"SearchAction","target":{"@type":"EntryPoint","urlTemplate":"https:\/\/solicitudesta.es\/noticias\/?s={search_term_string}"},"query-input":{"@type":"PropertyValueSpecification","valueRequired":true,"valueName":"search_term_string"}}],"inLanguage":"es"},{"@type":"Organization","@id":"https:\/\/solicitudesta.es\/noticias\/#organization","name":"U.S. ESTA Travel Pass","url":"https:\/\/solicitudesta.es\/noticias\/","logo":{"@type":"ImageObject","inLanguage":"es","@id":"https:\/\/solicitudesta.es\/noticias\/#\/schema\/logo\/image\/","url":"https:\/\/usvisatravelpass.com\/news\/wp-content\/uploads\/2016\/08\/logo1.png","contentUrl":"https:\/\/usvisatravelpass.com\/news\/wp-content\/uploads\/2016\/08\/logo1.png","width":297,"height":90,"caption":"U.S. ESTA Travel Pass"},"image":{"@id":"https:\/\/solicitudesta.es\/noticias\/#\/schema\/logo\/image\/"},"sameAs":["https:\/\/www.facebook.com\/US-Visa-Travel-Pass-1053927617993589\/","https:\/\/x.com\/visatravelpass"]},{"@type":"Person","@id":"https:\/\/solicitudesta.es\/noticias\/#\/schema\/person\/bf84534931a3fef6904dbc3d5727662e","name":"Admin"}]}},"_links":{"self":[{"href":"https:\/\/solicitudesta.es\/noticias\/wp-json\/wp\/v2\/posts\/861","targetHints":{"allow":["GET"]}}],"collection":[{"href":"https:\/\/solicitudesta.es\/noticias\/wp-json\/wp\/v2\/posts"}],"about":[{"href":"https:\/\/solicitudesta.es\/noticias\/wp-json\/wp\/v2\/types\/post"}],"author":[{"embeddable":true,"href":"https:\/\/solicitudesta.es\/noticias\/wp-json\/wp\/v2\/users\/1"}],"replies":[{"embeddable":true,"href":"https:\/\/solicitudesta.es\/noticias\/wp-json\/wp\/v2\/comments?post=861"}],"version-history":[{"count":1,"href":"https:\/\/solicitudesta.es\/noticias\/wp-json\/wp\/v2\/posts\/861\/revisions"}],"predecessor-version":[{"id":863,"href":"https:\/\/solicitudesta.es\/noticias\/wp-json\/wp\/v2\/posts\/861\/revisions\/863"}],"wp:featuredmedia":[{"embeddable":true,"href":"https:\/\/solicitudesta.es\/noticias\/wp-json\/wp\/v2\/media\/862"}],"wp:attachment":[{"href":"https:\/\/solicitudesta.es\/noticias\/wp-json\/wp\/v2\/media?parent=861"}],"wp:term":[{"taxonomy":"category","embeddable":true,"href":"https:\/\/solicitudesta.es\/noticias\/wp-json\/wp\/v2\/categories?post=861"},{"taxonomy":"post_tag","embeddable":true,"href":"https:\/\/solicitudesta.es\/noticias\/wp-json\/wp\/v2\/tags?post=861"}],"curies":[{"name":"wp","href":"https:\/\/api.w.org\/{rel}","templated":true}]}}